{"id":6201,"date":"2021-02-06T16:40:59","date_gmt":"2021-02-06T15:40:59","guid":{"rendered":"https:\/\/www.itstime.it\/w\/?p=6201"},"modified":"2022-03-28T17:22:43","modified_gmt":"2022-03-28T15:22:43","slug":"covid-19-emergenza-e-vaccini-by-federico-lunardi","status":"publish","type":"post","link":"https:\/\/www.itstime.it\/w\/covid-19-emergenza-e-vaccini-by-federico-lunardi\/","title":{"rendered":"Covid-19. Emergenza e vaccini \u2013 by Federico Lunardi"},"content":{"rendered":"\n<p style=\"text-align: justify;\">Quando finisce una pandemia? Difficile dirlo e lo studio della storia non ci aiuta. Il medico pu\u00f2 dirlo solo a posteriori quando &#8211; dopo un periodo statisticamente significativo consta che i numeri sono costantemente al di sotto dei parametri di riferimento \u2013 \u00e8 in grado di affermare che \u201ca far data da \u2026\u201d. Il sociologo, invece, potr\u00e0 acclarare che la pandemia \u00e8 finita, a prescindere dagli indicatori sanitari, quando coglier\u00e0 un atteggiamento sociale non pi\u00f9 condizionato dalla paura o dalla realt\u00e0 pandemica.<!--more--><\/p>\n<p style=\"text-align: justify;\">Al momento, pur in un quadro in miglioramento, si pu\u00f2 sostenere che permane uno stato di pandemia in Italia confortato sia dai dati sanitari sia dalla percezione sociale. Molto pi\u00f9 difficile da sostenere, in ambedue i versanti, \u00e8 lo stato di \u201cemergenza\u201d. Solo il livello politico (e quello tecnico collegato) sostiene che l\u2019emergenza \u00e8 ancora in atto ma questo asserto oltre a non essere corroborato da dati sanitari e scientifici finisce per diventare un indicatore o di superficialit\u00e0 o di furbizia.<\/p>\n<p style=\"text-align: justify;\">L\u2019emergenza l\u2019Italia e il Mondo intero l\u2019ha vissuta veramente nel momento in cui il virus ha colpito in modo inesorabile e, a prima vista, incontenibile. Non era chiaro quali provvedimenti prendere e come affrontare la situazione, sia medica che sociale, perch\u00e9 il nemico oltre a essere invisibile risultava imprevedibile.<\/p>\n<p style=\"text-align: justify;\">Oggi, invece, sappiamo molto e imputare al virus il sovraffollamento degli ospedali o la mancanza di presidi sanitari \u00e8 ipocrita. L\u2019emergenza esiste perch\u00e9 non abbiamo approntato un piano adeguato e messo in campo le contromisure adeguate e nel momento adeguato. Abbiamo atteso settembre prima di prendere i dovuti provvedimenti sulla riapertura delle scuole e delle fabbriche. Abbiamo atteso che si riempissero le rianimazioni prima di prendere provvedimenti verso anziani e persone con disabilit\u00e0 (che sappiamo essere le categorie pi\u00f9 soggette a sviluppare una malattia pi\u00f9 severa).<\/p>\n<p style=\"text-align: justify;\">Anche la politica vaccinale sembra favorire questa cultura dell\u2019emergenza costante. Non c\u2019\u00e8 dubbio che la prima categoria da vaccinare fosse quella sanitaria dedita alla cura dei pazienti COVID e, subito dopo, di quella non COVID. Per inciso il personale sanitario delle Direzioni generali e di chi non svolge attivit\u00e0 clinica in generale non avrebbe dovuto ricadere in questo novero. L\u2019avere una laurea in medicina e chirurgia o in scienze sanitarie non costituisce di per s\u00e9 un fattore di rischio; solo l\u2019attivit\u00e0 svolta fa rientrare o meno il personale in questo novero.\u00a0<\/p>\n<p style=\"text-align: justify;\">Sicuramente discutibile la scelta di \u00a0aver valutato quale necessit\u00e0 primaria di vaccinare gli anziani residenti nelle Case di riposo (RSA). E\u2019 comprensibile l\u2019ansia di evitare (ma sarebbe deleterio cancellare) \u201cbrutte\u201d pagine di cronaca piuttosto recente ma questa a chi scrive non sembra la soluzione. Gli anziani istituzionalizzati devono essere protetti in quanto isolati e non in quanto vaccinati. Isolati perch\u00e9 viene consentito loro di vivere in un ambito protetto dall\u2019esterno grazie alla vaccinazione e alla vigilanza del personale con cui vengono in contatto, grazie alla possibilit\u00e0 di vedere i propri famigliari in un ambiente sicuro (giardino, stanze separate con vetrata divisoria <em>et similia<\/em>). Vaccinare persone che poi vivono in un ambiente chiuso significa semplicemente denunciare la propria incapacit\u00e0 a proteggerlo.<\/p>\n<p style=\"text-align: justify;\">Pensiamo per un attimo se si fosse pensato di \u201cisolare\u201d gli anziani lasciando nei propri appartamenti (qualora di dimensioni adeguati) fornendo loro servizi di consegna a domicilio, dedicando loro parchi ove poter passeggiare in sicurezza, indicando loro fasce protette per andare nei negozi. Per gli anziani, invece, che vivono in mini appartamenti si sarebbe potuto dedicare alberghi con giardino e con stanze adeguate per la socializzazione tra \u201cpari\u201d. Condizione d\u2019ingresso: due tamponi negativi a distanza di quattro giorni. Il personale di queste strutture avrebbe dovuto evitare il contatto diretto con questi \u201cospiti\u201d per garantire loro l\u2019isolamento. Invece che avere alberghi per persone positive al COVID avremmo avuto alberghi per persone che non avrebbero dovuto diventarne positivi.<\/p>\n<p style=\"text-align: justify;\">A questo punto si sarebbe potuto vaccinare la popolazione tra i venti e i sessantacinque anni consentendo la ripresa dello studio e del lavoro. In sicurezza. Vaccinare i cassieri dei supermercati, le direttrici delle banche, i professori, gli autisti dei mezzi pubblici. Questo avrebbe consentito alla societ\u00e0 di ripartire speditamente salvando l\u2019economia e preservando le categorie a rischio.<\/p>\n<p style=\"text-align: justify;\">Si dir\u00e0 che questo modo di pensare cade nel rischio di creare una ghettizzazione. Accusa non del tutto infondata e che non pu\u00f2 essere liquidata con un\u2019alzata di spalle. Si sarebbe dovuto trovare la giusta comunicazione (sarebbe bastato un decimo dell\u2019impegno profuso per costruire il carosello sui trasporti su gomma e sulle prime vaccinazioni) e dire che ai giovani si chiedeva di combattere con il proprio impegno quotidiano contro il virus studiando e lavorando (indossando l\u2019arma del vaccino) e agli anziani di mantenere in vita la memoria (proteggendosi dal nemico).<\/p>\n<p style=\"text-align: justify;\">Il sacrificio sarebbe stata una Pasqua (se si fosse ragionato per tempo anche un Natale) senza contatti famigliari pensando invece a una celebrazione \u201cdel riabbraccio\u201d da tenere a giugno o a settembre (seguendo dati epidemiologici e sanitari certi) aprendo i parchi dove finalmente gli anziani avrebbero potuto riabbracciare i nipoti. I giovani avrebbero raccontato del lavoro e dello studio, gli anziani di come si vive in una \u201cmontagna incantata\u201d; un abbraccio generazionale tra chi \u00e8 stata al fronte e chi ha conservato il focolare acceso. Gli alberi e la natura avrebbero respirato la commozione e l\u2019emozione. Giovani vaccinati e anziani protetti. Nessuna emergenza;solo capacit\u00e0 di gestire il nuovo \u201cnemico\u201d.<\/p>\n","protected":false},"excerpt":{"rendered":"","protected":false},"author":2,"featured_media":0,"comment_status":"closed","ping_status":"closed","sticky":false,"template":"","format":"standard","meta":{"footnotes":""},"categories":[9],"tags":[459,460,498,457,458,97,499],"class_list":["post-6201","post","type-post","status-publish","format-standard","hentry","category-security","tag-coronavirus","tag-covid-19","tag-emergency","tag-health","tag-nbcr","tag-pandemic","tag-vaccine"],"_links":{"self":[{"href":"https:\/\/www.itstime.it\/w\/wp-json\/wp\/v2\/posts\/6201","targetHints":{"allow":["GET"]}}],"collection":[{"href":"https:\/\/www.itstime.it\/w\/wp-json\/wp\/v2\/posts"}],"about":[{"href":"https:\/\/www.itstime.it\/w\/wp-json\/wp\/v2\/types\/post"}],"author":[{"embeddable":true,"href":"https:\/\/www.itstime.it\/w\/wp-json\/wp\/v2\/users\/2"}],"replies":[{"embeddable":true,"href":"https:\/\/www.itstime.it\/w\/wp-json\/wp\/v2\/comments?post=6201"}],"version-history":[{"count":1,"href":"https:\/\/www.itstime.it\/w\/wp-json\/wp\/v2\/posts\/6201\/revisions"}],"predecessor-version":[{"id":6203,"href":"https:\/\/www.itstime.it\/w\/wp-json\/wp\/v2\/posts\/6201\/revisions\/6203"}],"wp:attachment":[{"href":"https:\/\/www.itstime.it\/w\/wp-json\/wp\/v2\/media?parent=6201"}],"wp:term":[{"taxonomy":"category","embeddable":true,"href":"https:\/\/www.itstime.it\/w\/wp-json\/wp\/v2\/categories?post=6201"},{"taxonomy":"post_tag","embeddable":true,"href":"https:\/\/www.itstime.it\/w\/wp-json\/wp\/v2\/tags?post=6201"}],"curies":[{"name":"wp","href":"https:\/\/api.w.org\/{rel}","templated":true}]}}