{"id":6290,"date":"2021-03-16T11:59:41","date_gmt":"2021-03-16T10:59:41","guid":{"rendered":"https:\/\/www.itstime.it\/w\/?p=6290"},"modified":"2022-03-28T17:21:11","modified_gmt":"2022-03-28T15:21:11","slug":"il-vaccino-un-farmaco-che-va-oltre-la-medicina-by-federico-lunardi","status":"publish","type":"post","link":"https:\/\/www.itstime.it\/w\/il-vaccino-un-farmaco-che-va-oltre-la-medicina-by-federico-lunardi\/","title":{"rendered":"Il vaccino: un farmaco che va oltre la medicina \u2013 by Federico Lunardi"},"content":{"rendered":"\n<p style=\"text-align: justify;\">La campagna vaccinale tra ritardi, difficolt\u00e0 e difficolt\u00e0 organizzative sta prendendo l\u2019avvio anche in Italia, come nel resto del mondo occidentale. Che il vaccino abbia effetto sulla diffusione del virus \u00e8 sperimentalmente dimostrato dai dati di Israele, del Regno Unito e di parte degli Stati Uniti: non serve quindi parlarne.<!--more--><\/p>\n<p style=\"text-align: justify;\">Un grande capitolo, invece, si dovrebbe aprire su quanto la medicina (ma direi la scienza in generale) stia diventando oggetto \u201cpolitico\u201d con messaggi che di sperimentale hanno poco e che invece risentono di criteri economici, di interessi politici, di ottiche parziali e indirizzate. Dati sperimentali alla mano il vaccino russo SPUTNIK 5 si \u00e8 dimostrato il pi\u00f9 efficace e attivo anche sulle mutazioni. Sullo stesso \u201cLancet\u201d \u00e8 stato pubblicato un articolo di due scienziati inglesi che ne riconosce l\u2019efficacia. Attestazione importante ma tardiva visto che detto vaccino era stato progettato e realizzato sulla falsariga di quello della SARS; nulla di completamente nuovo (come invece i primi vaccini a m-RNA) e, quindi, l\u2019aspettativa avrebbe dovuto essere positiva fin dall\u2019inizio.<\/p>\n<p style=\"text-align: justify;\">Come ogni farmaco anche il vaccino possiede effetti collaterali: da quelli topici a quelli generali, da quelli banali a quelli fatali. Questo \u00e8 il lato oscuro della luna, purtroppo, ma \u00e8 anche l\u2019evidenza che il \u201cfarmaco\u201d (in greco la parola indica sia il veleno che la sostanza curatrice) \u00e8 attivo. Solo un bicchiere d\u2019acqua potabile a temperatura ambiente, probabilmente, non produce effetti collaterali.<\/p>\n<p style=\"text-align: justify;\">Questo aspetto \u00e8 noto a tutti e scritto ora sembra una delle tante giustificazioni per rispondere ai titolo \u201cforti\u201d dei giornali su presunti (alcuni saranno sicuramente veri) effetti collaterali. Per amore di scienza dir\u00f2 che sono tali dopo che sar\u00e0 stabilito secondo i criteri della \u201cfarmacovigilanza\u201d che, ricordo, \u00e8 un obbligo per tutti i medici nei confronti di tutti i farmaci che somministrano.<\/p>\n<p style=\"text-align: justify;\">Scrivo invece di effetti collaterali perch\u00e9 l\u2019eco di ritorno, che le vaccinazioni stanno avendo, nasce anche dal fatto di averle non solo pubblicizzate ma spettacolarizzate. Quale senso ha avuto mostrare al mondo (con la m minuscola) intera le vaccinazioni di persone ultranovantenni o addirittura centenarie? Da un punto di vista medico mi chiedo quale motivazione ci abbia spinto a vaccinarli sapendo che tra gli ultranovantenni la percentuale di mortalit\u00e0 \u00e8 uguale a quella dei trentenni (\u00e8 verosimile che l\u2019immaturit\u00e0 del sistema immunitario come la vecchiaia del medesimo reagisca in maniera meno vigorosa di quella dell\u2019uomo adulto risparmiando l\u2019incendio di interleuchine che ha un grande ruolo nella fisiopatologia dell\u2019infezione). Da un punto di vista etico mi chiedo se sia stato corretto sottoporre al rischio degli effetti collaterali persone che hanno superato l\u2019aspettativa di vita e, che, normalmente conducono una quotidianit\u00e0 che li preserva dagli assembramenti.<\/p>\n<p style=\"text-align: justify;\">In tempi non sospetti ho scritto che non consideravo onesto valutare a chi dare assistenza ventilatoria &#8211; a parit\u00e0 di condizioni di base &#8211; sul dato anagrafico. Ora mi chiedo se non sia ipocrita aver &#8211; anche solo sotto l\u2019aspetto teorico &#8211; negato un supporto respiratorio a un grande anziano ammalato e ora sottoporlo &#8211; da sano &#8211; a un rischio statistico di un effetto collaterale di una vaccinazione.<\/p>\n<p style=\"text-align: justify;\">Continuo a pensare che invece di chiamare a vaccinare le classi, come si faceva con la leva del militare, avremmo dovuto vaccinare nel tentativo di creare \u201cbolle\u201d di sicurezza. Tutto il personale di una fabbrica e le relative famiglie; tutti i fedeli di una parrocchia, moschea, pagoda, tempio, sinagoga; tutti gli esercenti e i clienti di un grande magazzino; tutti gli abitanti di un rione; tutto il personale docente e non docente di un\u2019universit\u00e0 e di una scuola. Avremmo escluso le \u201cclassi\u201d troppo giovani come quelle troppo anziane (sulla base dei dati di mortalit\u00e0 specifica) e avremmo ricominciato a far vivere le nostre citt\u00e0 a \u201cbolle\u201d successive.<\/p>\n<p style=\"text-align: justify;\">Aver reso uno spettacolo ci\u00f2 che \u00e8 un atto medico fa sorgere altre ulteriori considerazioni. Il colle pi\u00f9 alto ha diramato la fotografia del Capo di Stato che &#8211; come un ottantenne qualsiasi &#8211; aspetta il suo turno. Apprezzabile di primo acchito. E\u2019 lecito per\u00f2 chiedersi se \u00e8 stato fatto per marcare la differenza con altri palazzi di potere ove le vaccinazioni, si dice, siano state compiute a domicilio e senza alcun riguardo alle fasce d\u2019et\u00e0. Ancor pi\u00f9, \u00e8 lecito vedere una caduta dell\u2019<em>ethos <\/em>politico e sociale. Quella fotografia ha voluto dirci che le ore (fossero anche i minuti) del Presidente della Repubblica hanno lo stesso valore di quelli di un pensionato che gioca a carte, porta i nipoti al parco o guarda i cantieri? Non \u00e8 una prerogativa solo italiana quella di lanciare messaggi nazional-popolari visto che nel Regno Unito la vaccinazione della Regina e del consorte sono state giustificate, fin da subito, per il fattore anagrafico e non per la carica e il valore simbolico.<\/p>\n<p style=\"text-align: justify;\">Scrivo queste righe perch\u00e9 il senso di nazione si \u00e8 sempre rafforzato e ha sempre trovato i suoi \u201cmiti\u201d durante le guerre e ne ha fatto oggetto di commemorazione e ricordo nel dopo guerra. Oggi che ci troviamo a fronteggiare una guerra contro un virus e non abbiamo un nemico di altra nazionalit\u00e0 non potremmo costruire un mito fondativo per ritrovare il senso di uno stare assieme (fra l\u2019altro senza odio o alterit\u00e0 rispetto ad altri)? Per fare questo, per\u00f2, i messaggi dovrebbero essere lanciati con chiarezza e forza. Il comandante che dirige le operazioni sulla tolda deve saper prendere decisioni anche impopolari e, all\u2019inizio, non di comune intendimento. Saranno proprio queste che dimostreranno la sua capacit\u00e0 di antivedere e di agire con un senno che mancava alla massa.<\/p>\n<p style=\"text-align: justify;\">Stiamo perdendo l\u2019opportunit\u00e0 (in buona compagnia) di creare un mito fondativo che faccia di noi la generazione che ha sconfitto (o ha resistito) al SARS Co-V-2 preservando i miti, scegliendo le priorit\u00e0, seguendo la guida. Basterebbe smetterla di lanciare messaggi nostalgici di quando \u201csi giocava al dottore\u201d e dire con franchezza a ognuno di agire correttamente per salvare s\u00e9 e chi gli sta attorno. Dare una visione, una vocazione, un\u2019indicazione sulla strada da seguire per diventare una societ\u00e0 che conosce il peso della scelta e del sacrificio come quello della lotta e della costruzione.<\/p>\n<p style=\"text-align: justify;\">Non sudditi di cerchi magici tecnici con soluzioni improponibili lanciate all\u2019ultimo momento e sempre pi\u00f9 a tutela loro che della comunit\u00e0, ma cittadini attivi di una classe dirigente (politica e non) che agisce e non reagisce.<\/p>\n","protected":false},"excerpt":{"rendered":"","protected":false},"author":2,"featured_media":0,"comment_status":"closed","ping_status":"closed","sticky":false,"template":"","format":"standard","meta":{"footnotes":""},"categories":[35],"tags":[378,459,460,498,457,97,499],"class_list":["post-6290","post","type-post","status-publish","format-standard","hentry","category-sociology","tag-cbrn","tag-coronavirus","tag-covid-19","tag-emergency","tag-health","tag-pandemic","tag-vaccine"],"_links":{"self":[{"href":"https:\/\/www.itstime.it\/w\/wp-json\/wp\/v2\/posts\/6290","targetHints":{"allow":["GET"]}}],"collection":[{"href":"https:\/\/www.itstime.it\/w\/wp-json\/wp\/v2\/posts"}],"about":[{"href":"https:\/\/www.itstime.it\/w\/wp-json\/wp\/v2\/types\/post"}],"author":[{"embeddable":true,"href":"https:\/\/www.itstime.it\/w\/wp-json\/wp\/v2\/users\/2"}],"replies":[{"embeddable":true,"href":"https:\/\/www.itstime.it\/w\/wp-json\/wp\/v2\/comments?post=6290"}],"version-history":[{"count":2,"href":"https:\/\/www.itstime.it\/w\/wp-json\/wp\/v2\/posts\/6290\/revisions"}],"predecessor-version":[{"id":6293,"href":"https:\/\/www.itstime.it\/w\/wp-json\/wp\/v2\/posts\/6290\/revisions\/6293"}],"wp:attachment":[{"href":"https:\/\/www.itstime.it\/w\/wp-json\/wp\/v2\/media?parent=6290"}],"wp:term":[{"taxonomy":"category","embeddable":true,"href":"https:\/\/www.itstime.it\/w\/wp-json\/wp\/v2\/categories?post=6290"},{"taxonomy":"post_tag","embeddable":true,"href":"https:\/\/www.itstime.it\/w\/wp-json\/wp\/v2\/tags?post=6290"}],"curies":[{"name":"wp","href":"https:\/\/api.w.org\/{rel}","templated":true}]}}